{"@context":"https:\/\/schema.org\/","@type":"CollectionPage","@id":"https:\/\/www.heincl.cz\/nezarazene\/#CollectionPage","headline":"Neza\u0159azen\u00e9 Category","description":"","url":"https:\/\/www.heincl.cz\/nezarazene\/","hasPart":[{"@type":"Article","@id":"https:\/\/www.heincl.cz\/klimatizace-zajisti-prijemnou-teplotu-po-cely-rok\/","headline":"Klimatizace zajist\u00ed p\u0159\u00edjemnou teplotu po cel\u00fd rok","url":"https:\/\/www.heincl.cz\/klimatizace-zajisti-prijemnou-teplotu-po-cely-rok\/","datePublished":"2017-09-17","dateModified":"2023-05-05","mainEntityOfPage":"https:\/\/www.heincl.cz\/klimatizace-zajisti-prijemnou-teplotu-po-cely-rok\/","author":{"@type":"Person","@id":"https:\/\/www.heincl.cz\/author\/#Person","name":"","url":"https:\/\/www.heincl.cz\/author\/","identifier":1,"image":{"@type":"ImageObject","@id":"https:\/\/secure.gravatar.com\/avatar\/4a857923b487546550539169ba61d16e7910c692fb61fb4681a6882b9bc918c0?s=96&d=mm&r=g","url":"https:\/\/secure.gravatar.com\/avatar\/4a857923b487546550539169ba61d16e7910c692fb61fb4681a6882b9bc918c0?s=96&d=mm&r=g","height":96,"width":96}},"publisher":{"@type":"Organization","name":"heincl.cz","logo":{"@type":"ImageObject","@id":"\/logo.png","url":"\/logo.png","width":600,"height":60}},"image":{"@type":"ImageObject","@id":"https:\/\/heincl.cz\/wp-content\/uploads\/img_a325296_w2184_t1537172602.jpg","url":"https:\/\/heincl.cz\/wp-content\/uploads\/img_a325296_w2184_t1537172602.jpg","height":"","width":""},"keywords":null},{"@type":"Article","@id":"https:\/\/www.heincl.cz\/kdyz-autoskola-nestaci\/","headline":"Kdy\u017e auto\u0161kola nesta\u010d\u00ed","url":"https:\/\/www.heincl.cz\/kdyz-autoskola-nestaci\/","datePublished":"2017-08-28","dateModified":"2023-05-05","mainEntityOfPage":"https:\/\/www.heincl.cz\/kdyz-autoskola-nestaci\/","author":{"@type":"Person","@id":"https:\/\/www.heincl.cz\/author\/#Person","name":"","url":"https:\/\/www.heincl.cz\/author\/","identifier":1,"image":{"@type":"ImageObject","@id":"https:\/\/secure.gravatar.com\/avatar\/4a857923b487546550539169ba61d16e7910c692fb61fb4681a6882b9bc918c0?s=96&d=mm&r=g","url":"https:\/\/secure.gravatar.com\/avatar\/4a857923b487546550539169ba61d16e7910c692fb61fb4681a6882b9bc918c0?s=96&d=mm&r=g","height":96,"width":96}},"publisher":{"@type":"Organization","name":"heincl.cz","logo":{"@type":"ImageObject","@id":"\/logo.png","url":"\/logo.png","width":600,"height":60}},"image":{"@type":"ImageObject","@id":"https:\/\/heincl.cz\/wp-content\/uploads\/img_a323723_w2529_t1535470976.jpg","url":"https:\/\/heincl.cz\/wp-content\/uploads\/img_a323723_w2529_t1535470976.jpg","height":"","width":""},"keywords":null},{"@type":"Article","@id":"https:\/\/www.heincl.cz\/abyste-se-dockali-uspechu\/","headline":"Abyste se do\u010dkali \u00fasp\u011bchu","url":"https:\/\/www.heincl.cz\/abyste-se-dockali-uspechu\/","datePublished":"2017-06-13","dateModified":"2023-05-05","mainEntityOfPage":"https:\/\/www.heincl.cz\/abyste-se-dockali-uspechu\/","author":{"@type":"Person","@id":"https:\/\/www.heincl.cz\/author\/#Person","name":"","url":"https:\/\/www.heincl.cz\/author\/","identifier":1,"image":{"@type":"ImageObject","@id":"https:\/\/secure.gravatar.com\/avatar\/4a857923b487546550539169ba61d16e7910c692fb61fb4681a6882b9bc918c0?s=96&d=mm&r=g","url":"https:\/\/secure.gravatar.com\/avatar\/4a857923b487546550539169ba61d16e7910c692fb61fb4681a6882b9bc918c0?s=96&d=mm&r=g","height":96,"width":96}},"publisher":{"@type":"Organization","name":"heincl.cz","logo":{"@type":"ImageObject","@id":"\/logo.png","url":"\/logo.png","width":600,"height":60}},"image":{"@type":"ImageObject","@id":"https:\/\/heincl.cz\/wp-content\/uploads\/img_a318127_w2445_t1528886985.jpg","url":"https:\/\/heincl.cz\/wp-content\/uploads\/img_a318127_w2445_t1528886985.jpg","height":"","width":""},"keywords":null},{"@type":"Article","@id":"https:\/\/www.heincl.cz\/jak-neburansky-stravit-leto\/","headline":"Jak neburansky str\u00e1vit l\u00e9to?","url":"https:\/\/www.heincl.cz\/jak-neburansky-stravit-leto\/","datePublished":"2017-04-27","dateModified":"2023-05-05","mainEntityOfPage":"https:\/\/www.heincl.cz\/jak-neburansky-stravit-leto\/","author":{"@type":"Person","@id":"https:\/\/www.heincl.cz\/author\/#Person","name":"","url":"https:\/\/www.heincl.cz\/author\/","identifier":1,"image":{"@type":"ImageObject","@id":"https:\/\/secure.gravatar.com\/avatar\/4a857923b487546550539169ba61d16e7910c692fb61fb4681a6882b9bc918c0?s=96&d=mm&r=g","url":"https:\/\/secure.gravatar.com\/avatar\/4a857923b487546550539169ba61d16e7910c692fb61fb4681a6882b9bc918c0?s=96&d=mm&r=g","height":96,"width":96}},"publisher":{"@type":"Organization","name":"heincl.cz","logo":{"@type":"ImageObject","@id":"\/logo.png","url":"\/logo.png","width":600,"height":60}},"image":{"@type":"ImageObject","@id":"https:\/\/heincl.cz\/wp-content\/uploads\/img_a314110_w2529_t1524859074.jpg","url":"https:\/\/heincl.cz\/wp-content\/uploads\/img_a314110_w2529_t1524859074.jpg","height":"","width":""},"keywords":null},{"@type":"Article","@id":"https:\/\/www.heincl.cz\/americka-hypoteka-nebankovni-aneb-penize-pro-kazdeho-a-na-cokoliv\/","headline":"Americk\u00e1 hypot\u00e9ka nebankovn\u00ed aneb pen\u00edze pro ka\u017ed\u00e9ho a na cokoliv","url":"https:\/\/www.heincl.cz\/americka-hypoteka-nebankovni-aneb-penize-pro-kazdeho-a-na-cokoliv\/","datePublished":"2017-04-25","dateModified":"2023-05-05","mainEntityOfPage":"https:\/\/www.heincl.cz\/americka-hypoteka-nebankovni-aneb-penize-pro-kazdeho-a-na-cokoliv\/","author":{"@type":"Person","@id":"https:\/\/www.heincl.cz\/author\/#Person","name":"","url":"https:\/\/www.heincl.cz\/author\/","identifier":1,"image":{"@type":"ImageObject","@id":"https:\/\/secure.gravatar.com\/avatar\/4a857923b487546550539169ba61d16e7910c692fb61fb4681a6882b9bc918c0?s=96&d=mm&r=g","url":"https:\/\/secure.gravatar.com\/avatar\/4a857923b487546550539169ba61d16e7910c692fb61fb4681a6882b9bc918c0?s=96&d=mm&r=g","height":96,"width":96}},"publisher":{"@type":"Organization","name":"heincl.cz","logo":{"@type":"ImageObject","@id":"\/logo.png","url":"\/logo.png","width":600,"height":60}},"image":{"@type":"ImageObject","@id":"https:\/\/heincl.cz\/wp-content\/uploads\/img_a313805_w2435_t1524643813.jpg","url":"https:\/\/heincl.cz\/wp-content\/uploads\/img_a313805_w2435_t1524643813.jpg","height":"","width":""},"keywords":null},{"@type":"Article","@id":"https:\/\/www.heincl.cz\/ochranna-sit\/","headline":"Ochrann\u00e1 s\u00ed\u0165","url":"https:\/\/www.heincl.cz\/ochranna-sit\/","datePublished":"2017-02-06","dateModified":"2023-05-05","mainEntityOfPage":"https:\/\/www.heincl.cz\/ochranna-sit\/","author":{"@type":"Person","@id":"https:\/\/www.heincl.cz\/author\/#Person","name":"","url":"https:\/\/www.heincl.cz\/author\/","identifier":1,"image":{"@type":"ImageObject","@id":"https:\/\/secure.gravatar.com\/avatar\/4a857923b487546550539169ba61d16e7910c692fb61fb4681a6882b9bc918c0?s=96&d=mm&r=g","url":"https:\/\/secure.gravatar.com\/avatar\/4a857923b487546550539169ba61d16e7910c692fb61fb4681a6882b9bc918c0?s=96&d=mm&r=g","height":96,"width":96}},"publisher":{"@type":"Organization","name":"heincl.cz","logo":{"@type":"ImageObject","@id":"\/logo.png","url":"\/logo.png","width":600,"height":60}},"image":{"@type":"ImageObject","@id":"https:\/\/heincl.cz\/wp-content\/uploads\/img_a306637_w1966_t1517911804.jpg","url":"https:\/\/heincl.cz\/wp-content\/uploads\/img_a306637_w1966_t1517911804.jpg","height":"","width":""},"keywords":null},{"@type":"Article","@id":"https:\/\/www.heincl.cz\/nezapomenutelna-oslava-narozenin\/","headline":"Nezapomenuteln\u00e1 oslava narozenin","url":"https:\/\/www.heincl.cz\/nezapomenutelna-oslava-narozenin\/","datePublished":"2017-01-29","dateModified":"2023-05-05","mainEntityOfPage":"https:\/\/www.heincl.cz\/nezapomenutelna-oslava-narozenin\/","author":{"@type":"Person","@id":"https:\/\/www.heincl.cz\/author\/#Person","name":"","url":"https:\/\/www.heincl.cz\/author\/","identifier":1,"image":{"@type":"ImageObject","@id":"https:\/\/secure.gravatar.com\/avatar\/4a857923b487546550539169ba61d16e7910c692fb61fb4681a6882b9bc918c0?s=96&d=mm&r=g","url":"https:\/\/secure.gravatar.com\/avatar\/4a857923b487546550539169ba61d16e7910c692fb61fb4681a6882b9bc918c0?s=96&d=mm&r=g","height":96,"width":96}},"publisher":{"@type":"Organization","name":"heincl.cz","logo":{"@type":"ImageObject","@id":"\/logo.png","url":"\/logo.png","width":600,"height":60}},"image":{"@type":"ImageObject","@id":"https:\/\/heincl.cz\/wp-content\/uploads\/img_a305804_w2246_t1517226314.jpg","url":"https:\/\/heincl.cz\/wp-content\/uploads\/img_a305804_w2246_t1517226314.jpg","height":"","width":""},"keywords":null},{"@type":"Article","@id":"https:\/\/www.heincl.cz\/vyuzijte-vyhodnych-moznosti\/","headline":"Vyu\u017eijte v\u00fdhodn\u00fdch mo\u017enost\u00ed","url":"https:\/\/www.heincl.cz\/vyuzijte-vyhodnych-moznosti\/","datePublished":"2017-01-16","dateModified":"2023-05-05","mainEntityOfPage":"https:\/\/www.heincl.cz\/vyuzijte-vyhodnych-moznosti\/","author":{"@type":"Person","@id":"https:\/\/www.heincl.cz\/author\/#Person","name":"","url":"https:\/\/www.heincl.cz\/author\/","identifier":1,"image":{"@type":"ImageObject","@id":"https:\/\/secure.gravatar.com\/avatar\/4a857923b487546550539169ba61d16e7910c692fb61fb4681a6882b9bc918c0?s=96&d=mm&r=g","url":"https:\/\/secure.gravatar.com\/avatar\/4a857923b487546550539169ba61d16e7910c692fb61fb4681a6882b9bc918c0?s=96&d=mm&r=g","height":96,"width":96}},"publisher":{"@type":"Organization","name":"heincl.cz","logo":{"@type":"ImageObject","@id":"\/logo.png","url":"\/logo.png","width":600,"height":60}},"image":{"@type":"ImageObject","@id":"https:\/\/heincl.cz\/wp-content\/uploads\/img_a304796_w2435_t1516092827.jpg","url":"https:\/\/heincl.cz\/wp-content\/uploads\/img_a304796_w2435_t1516092827.jpg","height":"","width":""},"keywords":null},{"@type":"Article","@id":"https:\/\/www.heincl.cz\/tam-i-zpet-aneb-jak-a-s-cim-se-dostaneme-k-mori\/","headline":"Tam i zp\u011bt, aneb jak a s \u010d\u00edm se dostaneme k mo\u0159i?","url":"https:\/\/www.heincl.cz\/tam-i-zpet-aneb-jak-a-s-cim-se-dostaneme-k-mori\/","datePublished":"2016-12-21","dateModified":"2023-05-05","mainEntityOfPage":"https:\/\/www.heincl.cz\/tam-i-zpet-aneb-jak-a-s-cim-se-dostaneme-k-mori\/","author":{"@type":"Person","@id":"https:\/\/www.heincl.cz\/author\/#Person","name":"","url":"https:\/\/www.heincl.cz\/author\/","identifier":1,"image":{"@type":"ImageObject","@id":"https:\/\/secure.gravatar.com\/avatar\/4a857923b487546550539169ba61d16e7910c692fb61fb4681a6882b9bc918c0?s=96&d=mm&r=g","url":"https:\/\/secure.gravatar.com\/avatar\/4a857923b487546550539169ba61d16e7910c692fb61fb4681a6882b9bc918c0?s=96&d=mm&r=g","height":96,"width":96}},"publisher":{"@type":"Organization","name":"heincl.cz","logo":{"@type":"ImageObject","@id":"\/logo.png","url":"\/logo.png","width":600,"height":60}},"image":{"@type":"ImageObject","@id":"https:\/\/heincl.cz\/wp-content\/uploads\/img_a303505_w2217_t1513841449.jpg","url":"https:\/\/heincl.cz\/wp-content\/uploads\/img_a303505_w2217_t1513841449.jpg","height":"","width":""},"keywords":null},{"@type":"Article","@id":"https:\/\/www.heincl.cz\/nezapominejte-na-to-dulezite\/","headline":"Nezapom\u00ednejte na to d\u016fle\u017eit\u00e9","url":"https:\/\/www.heincl.cz\/nezapominejte-na-to-dulezite\/","datePublished":"2016-11-11","dateModified":"2023-05-05","mainEntityOfPage":"https:\/\/www.heincl.cz\/nezapominejte-na-to-dulezite\/","author":{"@type":"Person","@id":"https:\/\/www.heincl.cz\/author\/#Person","name":"","url":"https:\/\/www.heincl.cz\/author\/","identifier":1,"image":{"@type":"ImageObject","@id":"https:\/\/secure.gravatar.com\/avatar\/4a857923b487546550539169ba61d16e7910c692fb61fb4681a6882b9bc918c0?s=96&d=mm&r=g","url":"https:\/\/secure.gravatar.com\/avatar\/4a857923b487546550539169ba61d16e7910c692fb61fb4681a6882b9bc918c0?s=96&d=mm&r=g","height":96,"width":96}},"publisher":{"@type":"Organization","name":"heincl.cz","logo":{"@type":"ImageObject","@id":"\/logo.png","url":"\/logo.png","width":600,"height":60}},"image":{"@type":"ImageObject","@id":"https:\/\/heincl.cz\/wp-content\/uploads\/img_a300309_w2402_t1510399913.jpg","url":"https:\/\/heincl.cz\/wp-content\/uploads\/img_a300309_w2402_t1510399913.jpg","height":"","width":""},"keywords":null}]}