{"@context":"https:\/\/schema.org\/","@type":"CollectionPage","@id":"https:\/\/www.heincl.cz\/nezarazene\/#CollectionPage","headline":"Neza\u0159azen\u00e9 Category","description":"","url":"https:\/\/www.heincl.cz\/nezarazene\/","hasPart":[{"@type":"Article","@id":"https:\/\/www.heincl.cz\/zapomente-na-panelak\/","headline":"Zapome\u0148te na panel\u00e1k","url":"https:\/\/www.heincl.cz\/zapomente-na-panelak\/","datePublished":"2016-05-07","dateModified":"2023-05-05","mainEntityOfPage":"https:\/\/www.heincl.cz\/zapomente-na-panelak\/","author":{"@type":"Person","@id":"https:\/\/www.heincl.cz\/author\/#Person","name":"","url":"https:\/\/www.heincl.cz\/author\/","identifier":1,"image":{"@type":"ImageObject","@id":"https:\/\/secure.gravatar.com\/avatar\/4a857923b487546550539169ba61d16e7910c692fb61fb4681a6882b9bc918c0?s=96&d=mm&r=g","url":"https:\/\/secure.gravatar.com\/avatar\/4a857923b487546550539169ba61d16e7910c692fb61fb4681a6882b9bc918c0?s=96&d=mm&r=g","height":96,"width":96}},"publisher":{"@type":"Organization","name":"heincl.cz","logo":{"@type":"ImageObject","@id":"\/logo.png","url":"\/logo.png","width":600,"height":60}},"image":null,"keywords":null},{"@type":"Article","@id":"https:\/\/www.heincl.cz\/konicek-pro-kazdeho\/","headline":"Kon\u00ed\u010dek pro ka\u017ed\u00e9ho","url":"https:\/\/www.heincl.cz\/konicek-pro-kazdeho\/","datePublished":"2016-04-11","dateModified":"2023-05-05","mainEntityOfPage":"https:\/\/www.heincl.cz\/konicek-pro-kazdeho\/","author":{"@type":"Person","@id":"https:\/\/www.heincl.cz\/author\/#Person","name":"","url":"https:\/\/www.heincl.cz\/author\/","identifier":1,"image":{"@type":"ImageObject","@id":"https:\/\/secure.gravatar.com\/avatar\/4a857923b487546550539169ba61d16e7910c692fb61fb4681a6882b9bc918c0?s=96&d=mm&r=g","url":"https:\/\/secure.gravatar.com\/avatar\/4a857923b487546550539169ba61d16e7910c692fb61fb4681a6882b9bc918c0?s=96&d=mm&r=g","height":96,"width":96}},"publisher":{"@type":"Organization","name":"heincl.cz","logo":{"@type":"ImageObject","@id":"\/logo.png","url":"\/logo.png","width":600,"height":60}},"image":null,"keywords":null},{"@type":"Article","@id":"https:\/\/www.heincl.cz\/rozvody-elektriny\/","headline":"Rozvody elekt\u0159iny","url":"https:\/\/www.heincl.cz\/rozvody-elektriny\/","datePublished":"2016-03-31","dateModified":"2023-05-05","mainEntityOfPage":"https:\/\/www.heincl.cz\/rozvody-elektriny\/","author":{"@type":"Person","@id":"https:\/\/www.heincl.cz\/author\/#Person","name":"","url":"https:\/\/www.heincl.cz\/author\/","identifier":1,"image":{"@type":"ImageObject","@id":"https:\/\/secure.gravatar.com\/avatar\/4a857923b487546550539169ba61d16e7910c692fb61fb4681a6882b9bc918c0?s=96&d=mm&r=g","url":"https:\/\/secure.gravatar.com\/avatar\/4a857923b487546550539169ba61d16e7910c692fb61fb4681a6882b9bc918c0?s=96&d=mm&r=g","height":96,"width":96}},"publisher":{"@type":"Organization","name":"heincl.cz","logo":{"@type":"ImageObject","@id":"\/logo.png","url":"\/logo.png","width":600,"height":60}},"image":null,"keywords":null},{"@type":"Article","@id":"https:\/\/www.heincl.cz\/hrozba-nasi-doby-deprese\/","headline":"Hrozba na\u0161\u00ed doby \u2013 deprese","url":"https:\/\/www.heincl.cz\/hrozba-nasi-doby-deprese\/","datePublished":"2016-01-31","dateModified":"2023-05-05","mainEntityOfPage":"https:\/\/www.heincl.cz\/hrozba-nasi-doby-deprese\/","author":{"@type":"Person","@id":"https:\/\/www.heincl.cz\/author\/#Person","name":"","url":"https:\/\/www.heincl.cz\/author\/","identifier":1,"image":{"@type":"ImageObject","@id":"https:\/\/secure.gravatar.com\/avatar\/4a857923b487546550539169ba61d16e7910c692fb61fb4681a6882b9bc918c0?s=96&d=mm&r=g","url":"https:\/\/secure.gravatar.com\/avatar\/4a857923b487546550539169ba61d16e7910c692fb61fb4681a6882b9bc918c0?s=96&d=mm&r=g","height":96,"width":96}},"publisher":{"@type":"Organization","name":"heincl.cz","logo":{"@type":"ImageObject","@id":"\/logo.png","url":"\/logo.png","width":600,"height":60}},"image":null,"keywords":null},{"@type":"Article","@id":"https:\/\/www.heincl.cz\/vzpominka-na-babicku\/","headline":"Vzpom\u00ednka na babi\u010dku","url":"https:\/\/www.heincl.cz\/vzpominka-na-babicku\/","datePublished":"2015-11-19","dateModified":"2023-05-05","mainEntityOfPage":"https:\/\/www.heincl.cz\/vzpominka-na-babicku\/","author":{"@type":"Person","@id":"https:\/\/www.heincl.cz\/author\/#Person","name":"","url":"https:\/\/www.heincl.cz\/author\/","identifier":1,"image":{"@type":"ImageObject","@id":"https:\/\/secure.gravatar.com\/avatar\/4a857923b487546550539169ba61d16e7910c692fb61fb4681a6882b9bc918c0?s=96&d=mm&r=g","url":"https:\/\/secure.gravatar.com\/avatar\/4a857923b487546550539169ba61d16e7910c692fb61fb4681a6882b9bc918c0?s=96&d=mm&r=g","height":96,"width":96}},"publisher":{"@type":"Organization","name":"heincl.cz","logo":{"@type":"ImageObject","@id":"\/logo.png","url":"\/logo.png","width":600,"height":60}},"image":null,"keywords":null}]}