[{"@context":"https:\/\/schema.org\/","@type":"Article","@id":"https:\/\/www.heincl.cz\/povoleni-jezdit-vlastnim-autem\/#Article","mainEntityOfPage":"https:\/\/www.heincl.cz\/povoleni-jezdit-vlastnim-autem\/","headline":"Povolen\u00ed jezdit vlastn\u00edm autem","name":"Povolen\u00ed jezdit vlastn\u00edm autem","description":"Pokud chce n\u011bkdo jezdit autem, pot\u0159ebuje k tomu n\u011bkolik z\u00e1sadn\u00edch v\u011bc\u00ed. Jednou z nich je dopravn\u00ed prost\u0159edek a druhou je \u0159idi\u010dsk\u00fd pr\u016fkaz. \u017de je to samoz\u0159ejm\u00e9? Nebylo tomu tak v\u017edy. \u0158idi\u010dsk\u00e9mu pr\u016fkazu je teprve sto dvacet let. Tehdy se ale jmenoval jinak \u2013 v\u016fd\u010d\u00ed list. V dne\u0161n\u00ed dob\u011b si nedovedeme \u017eivot bez t\u00e9to dovednosti p\u0159edstavit....<p class=\"more-link-wrap\"><a href=\"https:\/\/www.heincl.cz\/povoleni-jezdit-vlastnim-autem\/\" class=\"more-link\">P\u0159e\u010d\u00edst<span class=\"screen-reader-text\"> &ldquo;Povolen\u00ed jezdit vlastn\u00edm autem&rdquo;<\/span> &raquo;<\/a><\/p>","datePublished":"2025-05-10","dateModified":"2025-05-10","author":{"@type":"Person","@id":"https:\/\/www.heincl.cz\/author\/#Person","name":"","url":"https:\/\/www.heincl.cz\/author\/","identifier":1,"image":{"@type":"ImageObject","@id":"https:\/\/secure.gravatar.com\/avatar\/4a857923b487546550539169ba61d16e7910c692fb61fb4681a6882b9bc918c0?s=96&d=mm&r=g","url":"https:\/\/secure.gravatar.com\/avatar\/4a857923b487546550539169ba61d16e7910c692fb61fb4681a6882b9bc918c0?s=96&d=mm&r=g","height":96,"width":96}},"publisher":{"@type":"Organization","name":"heincl.cz","logo":{"@type":"ImageObject","@id":"\/logo.png","url":"\/logo.png","width":600,"height":60}},"url":"https:\/\/www.heincl.cz\/povoleni-jezdit-vlastnim-autem\/","wordCount":395,"articleBody":"Pokud chce n\u011bkdo jezdit autem, pot\u0159ebuje k tomu n\u011bkolik z\u00e1sadn\u00edch v\u011bc\u00ed. Jednou z nich je dopravn\u00ed prost\u0159edek a druhou je \u0159idi\u010dsk\u00fd pr\u016fkaz. \u017de je to samoz\u0159ejm\u00e9? Nebylo tomu tak v\u017edy. \u0158idi\u010dsk\u00e9mu pr\u016fkazu je teprve sto dvacet let. Tehdy se ale jmenoval jinak \u2013 v\u016fd\u010d\u00ed list. V dne\u0161n\u00ed dob\u011b si nedovedeme \u017eivot bez t\u00e9to dovednosti p\u0159edstavit. A je jen m\u00e1lo t\u011bch, kte\u0159\u00ed \u0159idi\u010dsk\u00fd pr\u016fkaz nemaj\u00ed.Je pot\u0159eba&#8211;\u00a0\u00a0\u00a0\u00a0\u00a0\u00a0\u00a0\u00a0 vozit d\u011bti do \u0161koly&#8211;\u00a0\u00a0\u00a0\u00a0\u00a0\u00a0\u00a0\u00a0 jezdit do pr\u00e1ce&#8211;\u00a0\u00a0\u00a0\u00a0\u00a0\u00a0\u00a0\u00a0 cestovat za pozn\u00e1n\u00edm&#8211;\u00a0\u00a0\u00a0\u00a0\u00a0\u00a0\u00a0\u00a0 b\u00fdt v\u017edy p\u0159ipraven dostavit se na n\u011bjakou d\u016fle\u017eitou sch\u016fzku.Koho jako prvn\u00edho napadlo, \u017ee si nech\u00e1 vystavit \u0159idi\u010dsk\u00fd pr\u016fkaz?Byl to n\u011bmeck\u00fd vyn\u00e1lezce Carl Friedrich Benz, kter\u00fd si nechal roku 1886 patentovat prvn\u00ed automobil na benz\u00ednov\u00fd pohon. O dva roky pozd\u011bji u\u017e nemohl vydr\u017eet st\u00e1l\u00e9 st\u00ed\u017enosti obyvatel Mannheimu, kter\u00fdm se nel\u00edbily v\u00fdfukov\u00e9 plyny a neust\u00e1l\u00fd hluk z tohoto jedin\u00e9ho auta. Co by asi \u0159\u00edkali na dne\u0161n\u00ed dopravu? A tak si Benz za\u017e\u00e1dal na m\u011bstsk\u00e9 spr\u00e1v\u011b o vyd\u00e1n\u00ed p\u00edsemn\u00e9ho povolen\u00ed \u0159\u00eddit svoje auto na ve\u0159ejn\u00fdch cest\u00e1ch.\tD\u016fln\u00ed in\u017een\u00fdr jako zku\u0161ebn\u00ed komisa\u0159Uplynulo p\u00e1r let a n\u00e1padu s v\u016fd\u010d\u00edmi listy se chopila Francie. V\u016fd\u010d\u00ed list mohl z\u00edskat pouze mu\u017e, kter\u00fd dovr\u0161il jednadvaceti let a slo\u017eil p\u0159edepsan\u00e9 zkou\u0161ky. Jako zku\u0161ebn\u00ed komisa\u0159i tu byli in\u017een\u00fd\u0159i d\u016fln\u00edho \u00fa\u0159adu.Zkou\u0161ka se skl\u00e1dala ze t\u0159\u00ed \u010d\u00e1st\u00ed. 1.\u00a0\u00a0\u00a0\u00a0\u00a0 Praktick\u00e1 \u2013 mu\u017e musel prok\u00e1zat, \u017ee spolehliv\u011b ovl\u00e1d\u00e1 motorov\u00e9 vozidlo. Um\u00ed se rozjet, \u0159\u00eddit, brzdit a zastavit.2.\u00a0\u00a0\u00a0\u00a0\u00a0 Teoretick\u00e1 \u010d\u00e1st\u2013 musel prok\u00e1zat z\u00e1kladn\u00ed technick\u00e9 znalosti.3.\u00a0\u00a0\u00a0\u00a0\u00a0 Druh\u00e1 praktick\u00e1\u2013 musel um\u011bt vym\u011bnit kolo, opravit nesv\u00edt\u00edc\u00ed sv\u011btla a r\u016fzn\u00e9 jin\u00e9 z\u00e1vady, kter\u00e9 by br\u00e1nily v odjezdu auta.U n\u00e1s za\u010daly vznikat prvn\u00ed auto\u0161koly a\u017e roku 1935.Z\u0159\u00eddit si je mohl ten, kdo absolvoval st\u00e1tn\u00ed zkou\u0161ku na odboru strojn\u00edho nebo elektrotechnick\u00e9ho in\u017een\u00fdrstv\u00ed. Pokud tuto zkou\u0161ku nem\u011bl, mohl je\u0161t\u011b absolvovat kurs pro motorov\u00e1 vozidla a letectv\u00ed. Posledn\u00ed podm\u00ednkou bylo z\u00edsk\u00e1n\u00ed koncese.                                                                                                                                                                                                                                                                                                                                                                                                "},{"@context":"https:\/\/schema.org\/","@type":"BreadcrumbList","itemListElement":[{"@type":"ListItem","position":1,"name":"Povolen\u00ed jezdit vlastn\u00edm autem","item":"https:\/\/www.heincl.cz\/povoleni-jezdit-vlastnim-autem\/#breadcrumbitem"}]}]