[{"@context":"https:\/\/schema.org\/","@type":"Article","@id":"https:\/\/www.heincl.cz\/prvni-statni-utvary-u-nas\/#Article","mainEntityOfPage":"https:\/\/www.heincl.cz\/prvni-statni-utvary-u-nas\/","headline":"Prvn\u00ed st\u00e1tn\u00ed \u00fatvary u n\u00e1s","name":"Prvn\u00ed st\u00e1tn\u00ed \u00fatvary u n\u00e1s","description":"Za\u010dneme v 7 stolet\u00edm tehdy na na\u0161em \u00fazem\u00ed byl franck\u00fd kupec S\u00e1mo, kter\u00fd poprv\u00e9 sjednotil slovansk\u00e9 kmeny proti Avar\u016fm. \u00b7\u00a0\u00a0\u00a0\u00a0\u00a0\u00a0\u00a0\u00a0 S\u00e1m\u016fv kmenov\u00fd svaz (S\u00e1mova \u0159\u00ed\u0161e) \u00b7\u00a0\u00a0\u00a0\u00a0\u00a0\u00a0\u00a0\u00a0 jednalo se sp\u00ed\u0161e o kmenov\u00fd svaz, kter\u00fd vznik kv\u016fli nutnosti obrany proti Avar\u016fm \u00b7\u00a0\u00a0\u00a0\u00a0\u00a0\u00a0\u00a0\u00a0 20. l\u00e9ta 7. stolet\u00ed-kupec S\u00e1mo p\u0159ich\u00e1z\u00ed z Fransk\u00e9 \u0159\u00ed\u0161e, za\u010d\u00edn\u00e1 je spojovat a sjednocovat, naz\u00fdvaj\u00ed...<p class=\"more-link-wrap\"><a href=\"https:\/\/www.heincl.cz\/prvni-statni-utvary-u-nas\/\" class=\"more-link\">P\u0159e\u010d\u00edst<span class=\"screen-reader-text\"> &ldquo;Prvn\u00ed st\u00e1tn\u00ed \u00fatvary u n\u00e1s&rdquo;<\/span> &raquo;<\/a><\/p>","datePublished":"2025-03-01","dateModified":"2025-03-01","author":{"@type":"Person","@id":"https:\/\/www.heincl.cz\/author\/#Person","name":"","url":"https:\/\/www.heincl.cz\/author\/","identifier":1,"image":{"@type":"ImageObject","@id":"https:\/\/secure.gravatar.com\/avatar\/4a857923b487546550539169ba61d16e7910c692fb61fb4681a6882b9bc918c0?s=96&d=mm&r=g","url":"https:\/\/secure.gravatar.com\/avatar\/4a857923b487546550539169ba61d16e7910c692fb61fb4681a6882b9bc918c0?s=96&d=mm&r=g","height":96,"width":96}},"publisher":{"@type":"Organization","name":"heincl.cz","logo":{"@type":"ImageObject","@id":"\/logo.png","url":"\/logo.png","width":600,"height":60}},"image":{"@type":"ImageObject","@id":"https:\/\/www.heincl.cz\/wp-content\/uploads\/img_a344161_w2183_t1557651798.jpg","url":"https:\/\/www.heincl.cz\/wp-content\/uploads\/img_a344161_w2183_t1557651798.jpg","height":0,"width":0},"url":"https:\/\/www.heincl.cz\/prvni-statni-utvary-u-nas\/","wordCount":509,"articleBody":"Za\u010dneme v 7 stolet\u00edm tehdy na na\u0161em \u00fazem\u00ed byl franck\u00fd kupec S\u00e1mo, kter\u00fd poprv\u00e9 sjednotil slovansk\u00e9 kmeny proti Avar\u016fm.\t\u00b7\u00a0\u00a0\u00a0\u00a0\u00a0\u00a0\u00a0\u00a0 S\u00e1m\u016fv kmenov\u00fd svaz (S\u00e1mova \u0159\u00ed\u0161e)\t\u00b7\u00a0\u00a0\u00a0\u00a0\u00a0\u00a0\u00a0\u00a0 jednalo se sp\u00ed\u0161e o kmenov\u00fd svaz, kter\u00fd vznik kv\u016fli nutnosti obrany proti Avar\u016fm\t\u00b7\u00a0\u00a0\u00a0\u00a0\u00a0\u00a0\u00a0\u00a0 20. l\u00e9ta 7. stolet\u00ed-kupec S\u00e1mo p\u0159ich\u00e1z\u00ed z Fransk\u00e9 \u0159\u00ed\u0161e, za\u010d\u00edn\u00e1 je spojovat a sjednocovat, naz\u00fdvaj\u00ed ho sv\u00fdm kr\u00e1lem\t\u00b7\u00a0\u00a0\u00a0\u00a0\u00a0\u00a0\u00a0\u00a0 odrazili Avary\t\u00b7\u00a0\u00a0\u00a0\u00a0\u00a0\u00a0\u00a0\u00a0 631 &#8211; Bitva u Wogastiburku &#8211; Slovan\u00e9 proti Frank\u016fm &#8211; S\u00e1mo vyhr\u00e1v\u00e1\t\tPo S\u00e1movo smrti se ale rozpad\u00e1. Chv\u00edli prob\u00edh\u00e1 v\u00e1lka o moc, z kter\u00e9 vych\u00e1z\u00ed jako nejvlivn\u011bj\u0161\u00ed Mojm\u00edrovci.\t\u00b7\u00a0\u00a0\u00a0\u00a0\u00a0\u00a0\u00a0\u00a0 Velk\u00e1 Morava\t\u00b7\u00a0\u00a0\u00a0\u00a0\u00a0\u00a0\u00a0\u00a0 Centrum je Morava\t\u00b7\u00a0\u00a0\u00a0\u00a0\u00a0\u00a0\u00a0\u00a0 832 &#8211; sjednocen\u00ed slovansk\u00fdch kmen\u016f Mojm\u00edrem I.\t\u00b7\u00a0\u00a0\u00a0\u00a0\u00a0\u00a0\u00a0\u00a0 Rastislav byl synovec Mojm\u00edra I., p\u0159ij\u00edm\u00e1 k\u0159es\u0165anstv\u00ed, Michal III. pos\u00edl\u00e1 v\u011brozv\u011bsty Cyrila a Metod\u011bje (863) &#8211; mohl se zeptat fransk\u00e9 \u0159\u00ed\u0161e nebo byzantsk\u00e9\t\u00b7\u00a0\u00a0\u00a0\u00a0\u00a0\u00a0\u00a0\u00a0 Cyril a Metod\u011bj jsou patroni Moravy a pozd\u011bji cel\u00e9 Evropy, staroslov\u011bn\u0161tina (\u0161\u00ed\u0159ili k\u0159es\u0165anstv\u00ed), p\u00edsmo hlaholice, pot\u00e9 jejich \u017e\u00e1ci vytvo\u0159ili cyrilici\t\u00b7\u00a0\u00a0\u00a0\u00a0\u00a0\u00a0\u00a0\u00a0 903 &#8211; z\u00e1nik Velk\u00e9 Moravy \u2013 panovn\u00edk Mojm\u00edr II., n\u00e1jezdy Ma\u010far\u016f\t\tPrvn\u00edm panovn\u00edkem, kter\u00fd p\u0159ij\u00edm\u00e1 k\u0159es\u0165anstv\u00ed je Bo\u0159ivoj spole\u010dn\u011b s jeho man\u017eelkou Ludmilou.\t\u00b7\u00a0\u00a0\u00a0\u00a0\u00a0\u00a0\u00a0\u00a0 odvozuj\u00ed sv\u016fj p\u016fvod od b\u00e1jn\u00e9ho P\u0159emysla Or\u00e1\u010de a jeho \u017eeny Libu\u0161e\t\u00b7\u00a0\u00a0\u00a0\u00a0\u00a0\u00a0\u00a0\u00a0 v 9. stolet\u00ed za\u010d\u00edn\u00e1 sjednocov\u00e1n\u00ed \u010cech pod nadvl\u00e1dou P\u0159emyslovc\u016f\t\u00b7\u00a0\u00a0\u00a0\u00a0\u00a0\u00a0\u00a0\u00a0 BO\u0158IVOJ \u2013 1. kn\u00ed\u017ee\t\u00b7\u00a0\u00a0\u00a0\u00a0\u00a0\u00a0\u00a0\u00a0 o\u017eenil se s Ludmilou, synov\u00e9 Vratislav a Spytihn\u011bv\t\u00b7\u00a0\u00a0\u00a0\u00a0\u00a0\u00a0\u00a0\u00a0 zm\u00ednka z Kristi\u00e1novy legendy \u2013 prvn\u00ed dolo\u017een\u00fd kn\u00ed\u017ee\t\u00b7\u00a0\u00a0\u00a0\u00a0\u00a0\u00a0\u00a0\u00a0 roku 885 p\u0159ijal na Velk\u00e9 Morav\u011b k\u0159est\t\u00b7\u00a0\u00a0\u00a0\u00a0\u00a0\u00a0\u00a0\u00a0 Bude\u010d \u2013 k\u0159es\u0165ansk\u00fd kostel\t\u00b7\u00a0\u00a0\u00a0\u00a0\u00a0\u00a0\u00a0\u00a0 V\u00e1clav\t\u00b7\u00a0\u00a0\u00a0\u00a0\u00a0\u00a0\u00a0\u00a0 podle legend sv\u011btec \u2013 idealizuj\u00ed ho\t\u00b7\u00a0\u00a0\u00a0\u00a0\u00a0\u00a0\u00a0\u00a0 v\u00fdborn\u00fd bojovn\u00edk, m\u011bl man\u017eelku, na jeho v\u00fdchovu m\u011bla velk\u00fd vliv babi\u010dka Ludmila\t\u00b7\u00a0\u00a0\u00a0\u00a0\u00a0\u00a0\u00a0\u00a0 28. 9. 925: V\u00e1clav zavra\u017ed\u011bn sv\u00fdm bratrem Boleslavem v Boleslavi \u2192 kritizoval ho za placen\u00ed tribut\u016f fransk\u00e9 \u0159\u00ed\u0161i, jeho krev se pr\u00fd necht\u011bla 3 dny st\u00e1hnout do zem\u011b\t\u00b7\u00a0\u00a0\u00a0\u00a0\u00a0\u00a0\u00a0\u00a0 zalo\u017eil rotundu sv. V\u00edta (na Pra\u017esk\u00e9m hrad\u011b) \u2013 Jind\u0159ich I. Pt\u00e1\u010dn\u00edk daroval kousek pa\u017ee sv. V\u00edta \u2013 p\u0159edch\u016fdce dne\u0161n\u00ed katedr\u00e1ly\t\u00b7\u00a0\u00a0\u00a0\u00a0\u00a0\u00a0\u00a0\u00a0 ostatky ulo\u017eeny v Praze \u2013 Chr\u00e1m sv. V\u00edta \u2013 Svatov\u00e1clavsk\u00e1 kaple (7 z\u00e1mk\u016f \u2013 kl\u00ed\u010de arcibiskup, prezident\u2026)\t\u00b7\u00a0\u00a0\u00a0\u00a0\u00a0\u00a0\u00a0\u00a0 Boleslav I. Ukrutn\u00fd\t\u00b7\u00a0\u00a0\u00a0\u00a0\u00a0\u00a0\u00a0\u00a0 spojil se s Otou I. proti Ma\u010far\u016fm \u2013 chv\u00edli proti v\u00fdchodofranck\u00e9 \u0159\u00ed\u0161i v\u00e1l\u010dil, nakonec tribut taky platil\t\u00b7\u00a0\u00a0\u00a0\u00a0\u00a0\u00a0\u00a0\u00a0 za jeho vl\u00e1dy ra\u017eeny prvn\u00ed mince \u2192 st\u0159\u00edbrn\u00e9 den\u00e1ry\t\u00b7\u00a0\u00a0\u00a0\u00a0\u00a0\u00a0\u00a0\u00a0 vznikl tak\u00e9 Vy\u0161ehrad\t\u00b7\u00a0\u00a0\u00a0\u00a0\u00a0\u00a0\u00a0\u00a0 Boleslav II. Pobo\u017en\u00fd\t\u00b7\u00a0\u00a0\u00a0\u00a0\u00a0\u00a0\u00a0\u00a0 973: zakl\u00e1d\u00e1 v \u010cech\u00e1ch biskupstv\u00ed \u2013 1. biskup Sas D\u011btmar, 2. biskup Vojt\u011bch Slavn\u00edkovec (dvakr\u00e1t \u010cechy opustil, proto\u017ee \u010ce\u0161i byli podle n\u011bj zvr\u00e1cen\u00ed, v\u017edy se vr\u00e1til, zem\u0159el na mision\u00e1\u0159sk\u00e9 misi v Prusku roku 997, ostatky v polsk\u00e9m Hn\u011bzdn\u011b, nakonec u n\u00e1s, sv\u011btec, atribut o\u0161t\u011bp \u010di p\u00e1dlo, evropsk\u00fd patron)\t\u00b7\u00a0\u00a0\u00a0\u00a0\u00a0\u00a0\u00a0\u00a0 995: vyvra\u017ed\u011bn\u00ed Slavn\u00edkovc\u016f a sjednocen\u00ed \u010cech pod p\u0159emyslovskou vl\u00e1du                                                                                                                                                                                                                                                                                                                                                                                                "},{"@context":"https:\/\/schema.org\/","@type":"BreadcrumbList","itemListElement":[{"@type":"ListItem","position":1,"name":"Prvn\u00ed st\u00e1tn\u00ed \u00fatvary u n\u00e1s","item":"https:\/\/www.heincl.cz\/prvni-statni-utvary-u-nas\/#breadcrumbitem"}]}]