[{"@context":"https:\/\/schema.org\/","@type":"Article","@id":"https:\/\/www.heincl.cz\/seznamime-vas-se-vsemi-novinkami-na-nasem-trhu\/#Article","mainEntityOfPage":"https:\/\/www.heincl.cz\/seznamime-vas-se-vsemi-novinkami-na-nasem-trhu\/","headline":"Sezn\u00e1m\u00edme v\u00e1s se v\u0161emi novinkami na na\u0161em trhu","name":"Sezn\u00e1m\u00edme v\u00e1s se v\u0161emi novinkami na na\u0161em trhu","description":"Chceme b\u00fdt st\u00e1le v obraze a chceme v\u011bd\u011bt, jak\u00e9 novinky jsou zrovna na na\u0161em trhu. K t\u011bm v sou\u010dasn\u00e9 dob\u011b pat\u0159\u00ed ty s r\u00e1movou konstrukc\u00ed. I ty si m\u016f\u017eete od n\u00e1s odn\u00e9st. Hlavn\u011b v\u0161ak nab\u00edz\u00edme vysoce kvalitn\u00ed interi\u00e9rov\u00e9 dve\u0159e. Z\u00e1kazn\u00edci si obl\u00edbili zejm\u00e9na na\u0161e laminovan\u00e9 nebo ka\u0161\u00edrovan\u00e9. U masivn\u00edch mus\u00edte po\u010d\u00edtat s n\u00e1ro\u010dn\u011bj\u0161\u00ed \u00fadr\u017ebou. T\u011b\u0161\u00edme...<p class=\"more-link-wrap\"><a href=\"https:\/\/www.heincl.cz\/seznamime-vas-se-vsemi-novinkami-na-nasem-trhu\/\" class=\"more-link\">P\u0159e\u010d\u00edst<span class=\"screen-reader-text\"> &ldquo;Sezn\u00e1m\u00edme v\u00e1s se v\u0161emi novinkami na na\u0161em trhu&rdquo;<\/span> &raquo;<\/a><\/p>","datePublished":"2025-08-29","dateModified":"2025-08-29","author":{"@type":"Person","@id":"https:\/\/www.heincl.cz\/author\/#Person","name":"","url":"https:\/\/www.heincl.cz\/author\/","identifier":1,"image":{"@type":"ImageObject","@id":"https:\/\/secure.gravatar.com\/avatar\/4a857923b487546550539169ba61d16e7910c692fb61fb4681a6882b9bc918c0?s=96&d=mm&r=g","url":"https:\/\/secure.gravatar.com\/avatar\/4a857923b487546550539169ba61d16e7910c692fb61fb4681a6882b9bc918c0?s=96&d=mm&r=g","height":96,"width":96}},"publisher":{"@type":"Organization","name":"heincl.cz","logo":{"@type":"ImageObject","@id":"\/logo.png","url":"\/logo.png","width":600,"height":60}},"url":"https:\/\/www.heincl.cz\/seznamime-vas-se-vsemi-novinkami-na-nasem-trhu\/","wordCount":175,"articleBody":"Chceme b\u00fdt st\u00e1le v obraze a chceme v\u011bd\u011bt, jak\u00e9 novinky jsou zrovna na na\u0161em trhu. K t\u011bm v sou\u010dasn\u00e9 dob\u011b pat\u0159\u00ed ty s r\u00e1movou konstrukc\u00ed. I ty si m\u016f\u017eete od n\u00e1s odn\u00e9st. Hlavn\u011b v\u0161ak nab\u00edz\u00edme vysoce kvalitn\u00ed interi\u00e9rov\u00e9 dve\u0159e. Z\u00e1kazn\u00edci si obl\u00edbili zejm\u00e9na na\u0161e laminovan\u00e9 nebo ka\u0161\u00edrovan\u00e9. U masivn\u00edch mus\u00edte po\u010d\u00edtat s n\u00e1ro\u010dn\u011bj\u0161\u00ed \u00fadr\u017ebou. T\u011b\u0161\u00edme se na v\u00e1s. Postar\u00e1me se o jejich nainstalov\u00e1n\u00ed M\u00e1te z\u00e1jem zakoupit si n\u011bkter\u00e9 z na\u0161ich interi\u00e9rov\u00fdch dve\u0159\u00ed? V takov\u00e9m p\u0159\u00edpad\u011b nen\u00ed nic jednodu\u0161\u0161\u00edho ne\u017e se k n\u00e1m dostavit a vybrat si ty, kter\u00e9 budete pot\u0159ebovat. Pokud se neum\u00edte rozhodnout, pak doporu\u010dujeme vyu\u017e\u00edt slu\u017eeb na\u0161ich odborn\u00edk\u016f. R\u00e1di v\u00e1m v\u0161e vysv\u011btl\u00ed a \u00fa\u010dinn\u011b pomohou vybrat ty spr\u00e1vn\u00e9 do va\u0161ich dom\u00e1cnost\u00ed. Jsme tady pro v\u00e1s.                                                                                                                                                                                                                                                                                                                                                                                                "},{"@context":"https:\/\/schema.org\/","@type":"BreadcrumbList","itemListElement":[{"@type":"ListItem","position":1,"name":"Sezn\u00e1m\u00edme v\u00e1s se v\u0161emi novinkami na na\u0161em trhu","item":"https:\/\/www.heincl.cz\/seznamime-vas-se-vsemi-novinkami-na-nasem-trhu\/#breadcrumbitem"}]}]