[{"@context":"https:\/\/schema.org\/","@type":"Article","@id":"https:\/\/www.heincl.cz\/vzpominka-na-babicku\/#Article","mainEntityOfPage":"https:\/\/www.heincl.cz\/vzpominka-na-babicku\/","headline":"Vzpom\u00ednka na babi\u010dku","name":"Vzpom\u00ednka na babi\u010dku","description":"Kdy\u017e jsem byla mal\u00e1, r\u00e1da jsem s babi\u010dkou jezdila vl\u00e1\u010dkem na v\u00fdlety. U\u010dila m\u011b pozn\u00e1vat les, zv\u00ed\u0159\u00e1tka a louky. V\u0161e co se ona nau\u010dila od sv\u00fdch rodi\u010d\u016f, p\u0159ed\u00e1vala d\u00e1l. R\u00e1da jsem naslouchala tajupln\u00fdm p\u0159\u00edb\u011bh\u016fm, kter\u00e9 byly spojen\u00e9 s celkem nau\u010dnou stezkou \u017eivotem. Jej\u00ed vypr\u00e1v\u011bn\u00ed a n\u00e1zorn\u00e9 uk\u00e1zky byly pro m\u011b to nejcenn\u011bj\u0161\u00ed, co jsem mohla...<p class=\"more-link-wrap\"><a href=\"https:\/\/www.heincl.cz\/vzpominka-na-babicku\/\" class=\"more-link\">P\u0159e\u010d\u00edst<span class=\"screen-reader-text\"> &ldquo;Vzpom\u00ednka na babi\u010dku&rdquo;<\/span> &raquo;<\/a><\/p>","datePublished":"2015-11-19","dateModified":"2023-05-05","author":{"@type":"Person","@id":"https:\/\/www.heincl.cz\/author\/#Person","name":"","url":"https:\/\/www.heincl.cz\/author\/","identifier":1,"image":{"@type":"ImageObject","@id":"https:\/\/secure.gravatar.com\/avatar\/4a857923b487546550539169ba61d16e7910c692fb61fb4681a6882b9bc918c0?s=96&d=mm&r=g","url":"https:\/\/secure.gravatar.com\/avatar\/4a857923b487546550539169ba61d16e7910c692fb61fb4681a6882b9bc918c0?s=96&d=mm&r=g","height":96,"width":96}},"publisher":{"@type":"Organization","name":"heincl.cz","logo":{"@type":"ImageObject","@id":"\/logo.png","url":"\/logo.png","width":600,"height":60}},"url":"https:\/\/www.heincl.cz\/vzpominka-na-babicku\/","about":["Neza\u0159azen\u00e9"],"wordCount":433,"articleBody":" Kdy\u017e jsem byla mal\u00e1, r\u00e1da jsem s babi\u010dkou jezdila vl\u00e1\u010dkem na v\u00fdlety. U\u010dila m\u011b pozn\u00e1vat les, zv\u00ed\u0159\u00e1tka a louky. V\u0161e co se ona nau\u010dila od sv\u00fdch rodi\u010d\u016f, p\u0159ed\u00e1vala d\u00e1l. R\u00e1da jsem naslouchala tajupln\u00fdm p\u0159\u00edb\u011bh\u016fm, kter\u00e9 byly spojen\u00e9 s celkem nau\u010dnou stezkou \u017eivotem. Jej\u00ed vypr\u00e1v\u011bn\u00ed a n\u00e1zorn\u00e9 uk\u00e1zky byly pro m\u011b to nejcenn\u011bj\u0161\u00ed, co jsem mohla do \u017eivota dostat a co jsem mohla p\u0159edat d\u00e1l.&#13; Kdy\u017e jsme za \u00fasvitu st\u00e1ly na rozkvetl\u00e9 louce a paprsky slun\u00ed\u010dka budily dal\u0161\u00ed rostlinky, aby uk\u00e1zaly svoji kr\u00e1su, bylo to n\u011bco n\u00e1dhern\u00e9ho. U\u010dila m\u011b pozn\u00e1vat bylinky, kter\u00e9 pak su\u0161ila a d\u011blala n\u00e1m z nich \u010daj. Milovala jsem jejich v\u016fni. Samoz\u0159ejm\u011b i p\u0159i su\u0161en\u00ed se musely dodr\u017eovat n\u011bjak\u00e1 pravidla. Zn\u00e1most kombinace bylinek na r\u016fzn\u00e9 neduhy byla nezbytn\u011b nutn\u00e1. D\u00e1le i jejich zpracov\u00e1n\u00ed, louhov\u00e1n\u00ed a doba spot\u0159eby.&#13; Va\u0159ily se nejen \u010daje, ale p\u0159i ko\u017en\u00edch onemocn\u011bn\u00ed se doporu\u010dovaly bylinky na koup\u00e1n\u00ed. Odvary z l\u00e9\u010div\u00fdch bylinek si dok\u00e1zaly poradit i s hnisav\u00fdmi rankami. Dal\u0161\u00edm v\u00fdborn\u00fdm vyu\u017eit\u00edm byla kuchyn\u011b. P\u0159\u00eddavek bylinek provedl v\u00fdbornou chu\u0165 masa a om\u00e1\u010dek. A nemohu ani zapomenout na vo\u0148av\u00e9 pytl\u00ed\u010dky, kter\u00e9 p\u016fsobily uklid\u0148uj\u00edc\u00edm parf\u00e9mem. Babi\u010dka dok\u00e1zala vykouzlit r\u016fzn\u00e9 masti\u010dky na bol\u00edstky, kter\u00e9 jsme si jako d\u011bti ud\u011blaly nebo na bolav\u00e9 klouby, co tr\u00e1pily zase star\u0161\u00ed generaci.&#13; Bylinky a sou\u010dasnost&#13; &#13; \u010castokr\u00e1t si vzpomenu na rozkvetlou louku plnou r\u016fzn\u00fdch bylinek, jeliko\u017e dnes ji\u017e nen\u00ed ani k vid\u011bn\u00ed. P\u0159esto i v dne\u0161n\u00ed usp\u011bchan\u00e9 dob\u011b je mo\u017enost si bylinky zakoupit v r\u016fzn\u00fdch podob\u00e1ch. P\u0159\u00edmo v sestaven\u00fdch \u010dajov\u00fdch sm\u011bs\u00ed, ur\u010den\u00e9 pro danou nemoc nebo neduh. D\u00e1le se vyr\u00e1b\u00ed r\u016fzn\u00e9 esence, tinktury, koupelov\u00e9 sm\u011bsi nebo bylinn\u00e9 masti\u010dky. R\u016fzn\u00e9 druhy bylinek jsou z\u00e1rove\u0148 i sou\u010d\u00e1st\u00ed l\u00e9k\u016f.&#13; Na trhu je mo\u017enost zakoupen\u00ed pestr\u00e9 \u0161k\u00e1ly bylinek, kter\u00e9 uplatn\u00edte v kuchyni. A samoz\u0159ejm\u011b nen\u00ed probl\u00e9m si n\u011bkter\u00e9 vyp\u011bstovat i doma za okny. D\u00e1 se \u0159\u00edci, \u017ee svoje kouzlo a p\u016fsobnost maj\u00ed st\u00e1le a to v ka\u017ed\u00e9 dob\u011b. Rozhodn\u011b maj\u00ed sv\u00e9 m\u00edsto a kladn\u00e9 p\u016fsoben\u00ed na na\u0161e zdrav\u00ed.                                                                                                                                                                                                                                                                                                                                                                                                "},{"@context":"https:\/\/schema.org\/","@type":"BreadcrumbList","itemListElement":[{"@type":"ListItem","position":1,"name":"Vzpom\u00ednka na babi\u010dku","item":"https:\/\/www.heincl.cz\/vzpominka-na-babicku\/#breadcrumbitem"}]}]