[{"@context":"https:\/\/schema.org\/","@type":"Article","@id":"https:\/\/www.heincl.cz\/za-tazna-zarizeni-muzete-zaprahnout-karavan-nebo-nosic-kol\/#Article","mainEntityOfPage":"https:\/\/www.heincl.cz\/za-tazna-zarizeni-muzete-zaprahnout-karavan-nebo-nosic-kol\/","headline":"Za ta\u017en\u00e1 za\u0159\u00edzen\u00ed m\u016f\u017eete zap\u0159\u00e1hnout karavan nebo nosi\u010d kol","name":"Za ta\u017en\u00e1 za\u0159\u00edzen\u00ed m\u016f\u017eete zap\u0159\u00e1hnout karavan nebo nosi\u010d kol","description":"Nebu\u010fte z\u00e1visl\u00ed na druh\u00fdch Forem z\u00e1vislosti existuje cel\u00e1 \u0159ada a nemus\u00ed zrovna j\u00edt o drogy, alkohol \u010di kofein, sta\u010d\u00ed docela oby\u010dejn\u00e1 neschopnost napl\u00e1novat vlastn\u00ed voln\u00e9 dny. Mnoz\u00ed z v\u00e1s se obrac\u00ed na cestovn\u00ed kancel\u00e1\u0159e a zaji\u0161\u0165uj\u00ed si ubytov\u00e1n\u00ed v hotel\u00edch, aby pak z p\u0159elidn\u011bn\u00e9 budovy, s respir\u00e1tory na obli\u010deji, doputovali ke t\u0159i sta metr\u016f vzd\u00e1len\u00e9...<p class=\"more-link-wrap\"><a href=\"https:\/\/www.heincl.cz\/za-tazna-zarizeni-muzete-zaprahnout-karavan-nebo-nosic-kol\/\" class=\"more-link\">P\u0159e\u010d\u00edst<span class=\"screen-reader-text\"> &ldquo;Za ta\u017en\u00e1 za\u0159\u00edzen\u00ed m\u016f\u017eete zap\u0159\u00e1hnout karavan nebo nosi\u010d kol&rdquo;<\/span> &raquo;<\/a><\/p>","datePublished":"2020-08-17","dateModified":"2023-05-05","author":{"@type":"Person","@id":"https:\/\/www.heincl.cz\/author\/#Person","name":"","url":"https:\/\/www.heincl.cz\/author\/","identifier":1,"image":{"@type":"ImageObject","@id":"https:\/\/secure.gravatar.com\/avatar\/4a857923b487546550539169ba61d16e7910c692fb61fb4681a6882b9bc918c0?s=96&d=mm&r=g","url":"https:\/\/secure.gravatar.com\/avatar\/4a857923b487546550539169ba61d16e7910c692fb61fb4681a6882b9bc918c0?s=96&d=mm&r=g","height":96,"width":96}},"publisher":{"@type":"Organization","name":"heincl.cz","logo":{"@type":"ImageObject","@id":"\/logo.png","url":"\/logo.png","width":600,"height":60}},"image":{"@type":"ImageObject","@id":"https:\/\/heincl.cz\/wp-content\/uploads\/cyklista%20na%20hor%C3%A1ch.jpg","url":"https:\/\/heincl.cz\/wp-content\/uploads\/cyklista%20na%20hor%C3%A1ch.jpg","height":"","width":""},"url":"https:\/\/www.heincl.cz\/za-tazna-zarizeni-muzete-zaprahnout-karavan-nebo-nosic-kol\/","about":["Neza\u0159azen\u00e9"],"wordCount":393,"articleBody":"     Nebu\u010fte z\u00e1visl\u00ed na druh\u00fdchForem z\u00e1vislosti existuje cel\u00e1 \u0159ada a nemus\u00ed zrovna j\u00edt o drogy, alkohol \u010di kofein, sta\u010d\u00ed docela oby\u010dejn\u00e1 neschopnost napl\u00e1novat vlastn\u00ed voln\u00e9 dny. Mnoz\u00ed z v\u00e1s se obrac\u00ed na cestovn\u00ed kancel\u00e1\u0159e a zaji\u0161\u0165uj\u00ed si ubytov\u00e1n\u00ed v hotel\u00edch, aby pak z p\u0159elidn\u011bn\u00e9 budovy, s respir\u00e1tory na obli\u010deji, doputovali ke t\u0159i sta metr\u016f vzd\u00e1len\u00e9 pl\u00e1\u017ei, kde je op\u011bt \u201ehlava na hlav\u011b\u201c a prakticky \u017e\u00e1dn\u00e9 soukrom\u00ed.Pat\u0159\u00edte-li k lidem, kter\u00fdm tento zp\u016fsob l\u00e9ta zd\u00e1 se nejen ne\u0161\u0165astn\u00fdm, ale hlavn\u011b nep\u0159ijateln\u00fdm, m\u016f\u017eete vsadit na docela oby\u010dejn\u00e9 ta\u017en\u00e9 za\u0159\u00edzen\u00ed a pron\u00e1jem karavanu. Je toti\u017e n\u011bco jin\u00e9ho cestovat k mo\u0159i autobusem, \u010di vyst\u00e1t fronty v leti\u0161tn\u00ed hale na odlet, ne\u017eli se tam vydat vlastn\u00edm autem. Dovolen\u00e1 v karavanech je v oblib\u011b, a to nemus\u00edte cestovat p\u0159\u00edmo k mo\u0159i, existuje zna\u010dn\u00fd po\u010det kemp\u016f, kde v\u00e1s ubytuj\u00ed bez probl\u00e9m\u016f, a kde si m\u016f\u017eete u\u017e\u00edt fantastickou dovolenou.Karavan je hlavn\u011b mobiln\u00ed z\u00e1le\u017eitost, m\u00e1te tu v\u0161e pot\u0159ebn\u00e9 k t\u00fddenn\u00edmu pobytu a jsou m\u00edsta, kde v n\u011bm m\u016f\u017eete p\u0159enocovat, ani\u017e byste byli v\u00e1z\u00e1ni na o\u010dkov\u00e1n\u00ed, testov\u00e1n\u00ed a dal\u0161\u00ed restrikce kv\u016fli Covidu. Koncepci dovolen\u00e9 m\u016f\u017eete pojmout mnoha zp\u016fsoby, a pokud se v\u00e1m nechce zrovna do zahrani\u010d\u00ed, i u n\u00e1s je cel\u00e1 \u0159ada kr\u00e1sn\u00fdch destinac\u00ed, nap\u0159. Lipno, Blansk\u00fd les a \u010ceskokrumlovsko, Lu\u017eick\u00e9 hory, Jizersk\u00e9 hory, p\u00edskovny u Vesel\u00ed nad Lu\u017enic\u00ed nebo u Suchdola nad Lu\u017enic\u00ed, kempy v bl\u00edzkosti \u0159ek \u2013 Berounky, Vltavy, Lu\u017enice \u010di S\u00e1zavy.Vezm\u011bte na dovolenou kolaNa ta\u017en\u00e9 za\u0159\u00edzen\u00ed je mo\u017en\u00e9 instalovat nosi\u010d j\u00edzdn\u00edch kol a elektrokol, tak\u017ee pokud zrovna necestujete s karavanem a pat\u0159\u00edte-li k milovn\u00edk\u016fm cykloturistiky, m\u00e1te dal\u0161\u00ed mo\u017enost, jak si u\u017e\u00edt voln\u00fdch dn\u00ed nez\u00e1visle na r\u016fzn\u00fdch omezen\u00edch. A chcete-li tip na zaj\u00edmavou a romantickou krajinu, pro za\u010d\u00e1te\u010dn\u00edky m\u016f\u017eeme doporu\u010dit T\u0159ebo\u0148sko a horn\u00ed tok Lu\u017enice a pro pokro\u010dil\u00e9 Novohradsk\u00e9 hory nebo \u0160umavu.                                                                                                                                                                                                                                                                                                                                                                                                  "},{"@context":"https:\/\/schema.org\/","@type":"BreadcrumbList","itemListElement":[{"@type":"ListItem","position":1,"name":"Za ta\u017en\u00e1 za\u0159\u00edzen\u00ed m\u016f\u017eete zap\u0159\u00e1hnout karavan nebo nosi\u010d kol","item":"https:\/\/www.heincl.cz\/za-tazna-zarizeni-muzete-zaprahnout-karavan-nebo-nosic-kol\/#breadcrumbitem"}]}]