[{"@context":"https:\/\/schema.org\/","@type":"Article","@id":"https:\/\/www.heincl.cz\/zvireci-vzor-trend-letosniho-leta\/#Article","mainEntityOfPage":"https:\/\/www.heincl.cz\/zvireci-vzor-trend-letosniho-leta\/","headline":"Zv\u00ed\u0159ec\u00ed vzor-trend leto\u0161n\u00edho l\u00e9ta","name":"Zv\u00ed\u0159ec\u00ed vzor-trend leto\u0161n\u00edho l\u00e9ta","description":"V\u0161echny m\u00f3dn\u00ed mania\u010dky v\u00ed, \u017ee trendy v od\u011bvn\u00edm odv\u011btv\u00ed pro nadch\u00e1zej\u00edc\u00ed sez\u00f3nu jsou ji\u017e d\u00e1vno ur\u010den\u00e9 minim\u00e1ln\u011b rok dop\u0159edu. Nen\u00ed tedy t\u011b\u017ek\u00e9 zjistit, co se dal\u0161\u00ed rok bude nosit. Od minul\u00e9ho roku se objevovaly zv\u011bsti, \u017ee nejv\u011bt\u0161\u00ed trendy leto\u0161n\u00edho l\u00e9ta budou zv\u00ed\u0159ec\u00ed vzory a neonov\u00e9 barvy. \u0158\u00edk\u00e1te si, \u017ee zv\u00ed\u0159ec\u00ed vzory tu byly ji\u017e n\u011bkolikr\u00e1t?...<p class=\"more-link-wrap\"><a href=\"https:\/\/www.heincl.cz\/zvireci-vzor-trend-letosniho-leta\/\" class=\"more-link\">P\u0159e\u010d\u00edst<span class=\"screen-reader-text\"> &ldquo;Zv\u00ed\u0159ec\u00ed vzor-trend leto\u0161n\u00edho l\u00e9ta&rdquo;<\/span> &raquo;<\/a><\/p>","datePublished":"2018-07-29","dateModified":"2023-05-05","author":{"@type":"Person","@id":"https:\/\/www.heincl.cz\/author\/#Person","name":"","url":"https:\/\/www.heincl.cz\/author\/","identifier":1,"image":{"@type":"ImageObject","@id":"https:\/\/secure.gravatar.com\/avatar\/4a857923b487546550539169ba61d16e7910c692fb61fb4681a6882b9bc918c0?s=96&d=mm&r=g","url":"https:\/\/secure.gravatar.com\/avatar\/4a857923b487546550539169ba61d16e7910c692fb61fb4681a6882b9bc918c0?s=96&d=mm&r=g","height":96,"width":96}},"publisher":{"@type":"Organization","name":"heincl.cz","logo":{"@type":"ImageObject","@id":"\/logo.png","url":"\/logo.png","width":600,"height":60}},"image":{"@type":"ImageObject","@id":"https:\/\/heincl.cz\/wp-content\/uploads\/img_a349418_w2238_t1564345148.jpg","url":"https:\/\/heincl.cz\/wp-content\/uploads\/img_a349418_w2238_t1564345148.jpg","height":"","width":""},"url":"https:\/\/www.heincl.cz\/zvireci-vzor-trend-letosniho-leta\/","about":["Neza\u0159azen\u00e9"],"wordCount":514,"articleBody":"V\u0161echny m\u00f3dn\u00ed mania\u010dky v\u00ed, \u017ee trendy v od\u011bvn\u00edm odv\u011btv\u00ed pro nadch\u00e1zej\u00edc\u00ed sez\u00f3nu jsou ji\u017e d\u00e1vno ur\u010den\u00e9 minim\u00e1ln\u011b rok dop\u0159edu. Nen\u00ed tedy t\u011b\u017ek\u00e9 zjistit, co se dal\u0161\u00ed rok bude nosit. Od minul\u00e9ho roku se objevovaly zv\u011bsti, \u017ee nejv\u011bt\u0161\u00ed trendy leto\u0161n\u00edho l\u00e9ta budou zv\u00ed\u0159ec\u00ed vzory a neonov\u00e9 barvy. \u0158\u00edk\u00e1te si, \u017ee zv\u00ed\u0159ec\u00ed vzory tu byly ji\u017e n\u011bkolikr\u00e1t? Ano, m\u00e1te pravdu. Zv\u00ed\u0159ec\u00ed vzory opravdu nejsou n\u011bjak\u00fd v\u00fddobytek dne\u0161n\u00ed modern\u00ed doby. Ov\u0161em velmi p\u0159ekvapiv\u00fd je fakt, \u017ee a\u010dkoliv to nen\u00ed \u017e\u00e1dn\u00e1 novinka, tak lid\u00e9 zv\u00ed\u0159ec\u00ed vzory \u010dasto neum\u00ed spr\u00e1vn\u011b kombinovat. A m\u00edsto p\u011bkn\u011b slad\u011bn\u00fdch kousk\u016f v\u00edd\u00e1me kolem n\u00e1s \u0161\u00edlen\u00e9 variace.\u00a0\tT\u0159i pravidla pro no\u0161en\u00ed zv\u00ed\u0159ec\u00edch vzor\u016f\u00a0Podobn\u00fd sc\u00e9n\u00e1\u0159 zn\u00e1 asi ka\u017ed\u00fd spr\u00e1vn\u00fd maniak do m\u00f3dy. Dom\u016f jsem si donesla spoustu kr\u00e1sn\u00e9ho a neodolateln\u00e9ho oble\u010den\u00ed, ale v\u016fbec netu\u0161\u00edm, s \u010d\u00edm ho budu kombinovat. Ale nechat ho v obchod\u011b by byl neskute\u010dn\u00fd h\u0159\u00edch. Zn\u00ed V\u00e1m to pov\u011bdom\u011b? Pokud ano, tak \u010dt\u011bte d\u00e1le.\u00a0Prvn\u00ed pravidloJako prvn\u00ed pravidlo plat\u00ed, \u017ee se nos\u00ed pouze jeden vzor. Nekombinujte tedy pros\u00edm nap\u0159\u00edklad tyg\u0159\u00ed vzor se zebrou. Ne, opravdu to nebude vypadat dob\u0159e. Rad\u011bji se zam\u011b\u0159te na jeden zv\u00ed\u0159ec\u00ed vzor, kter\u00fd V\u00e1m opravdu slu\u0161\u00ed.\u00a0Druh\u00e9 pravidloMezi druh\u00e9 pravidlo se jednozna\u010dn\u011b \u0159ad\u00ed spr\u00e1vn\u00e1 volba barvy. Pokud v obchodech tr\u00e1v\u00edte hodn\u011b \u010dasu, tak V\u00e1m barevn\u00e1 r\u016fznorodost zv\u00ed\u0159ec\u00edch vzor\u016f ur\u010dit\u011b nemohla uniknout. P\u0159ejete si r\u016f\u017eov\u00e9ho tygra? Jen si ho kupte. Nebo si p\u0159ejete rad\u011bji zlat\u00e9 pruhy zebry? Sta\u010d\u00ed \u0159\u00edct! Ka\u017ed\u00fd jsme jin\u00fd a ka\u017ed\u00fd preferujeme jin\u00e9 v\u011bci. To je v po\u0159\u00e1dku. Ale v\u017edy mus\u00edme myslet na to, zdali se n\u00e1mi zvolen\u00e1 barva nebude a\u017e p\u0159\u00edli\u0161 b\u00edt se zbytkem outfitu. P\u0159ece nikdo z n\u00e1s nechce chodit jako \u0161a\u0161ek, \u017ee?\u00a0T\u0159et\u00ed pravidloT\u0159et\u00ed pravidlo nen\u00ed \u017e\u00e1dn\u00e1 novinka. Jednodu\u0161e jde o to, \u017ee se mus\u00edme nau\u010dit jednu v\u011bc. M\u00e9n\u011b je v\u00edce. \u010casto hodn\u011b lid\u00ed zapom\u00edn\u00e1, \u017ee zv\u00ed\u0159ec\u00ed vzor je velmi v\u00fdrazn\u00fd ji\u017e s\u00e1m o sob\u011b. Proto si mus\u00edme velmi dob\u0159e promyslet, jak ho chceme nosit. Pokud si koup\u00edm dlouh\u00fd kab\u00e1t se vzorem jagu\u00e1ra, tak ho u\u017e nebudu d\u00e1le kombinovat s dal\u0161\u00edm vzorem. Sp\u00ed\u0161e zvol\u00edm nap\u0159\u00edklad jemn\u00e9 zemit\u00e9 t\u00f3ny, aby zv\u00ed\u0159ec\u00ed vzor jemn\u011b vynikl.\u00a0Zv\u00ed\u0159ec\u00edch vzor\u016f je nep\u0159ebern\u00e9 mno\u017estv\u00ed a ka\u017ed\u00e9mu bude slu\u0161et jin\u00fd vzor. Nezapom\u00ednejme ale na to, \u017ee v jednoduchosti je kr\u00e1sa. Nikdo p\u0159ece nechce, aby si ho ostatn\u00ed pletli se zv\u00ed\u0159etem \u010di \u0161a\u0161kem. A tomu se d\u00e1 zabr\u00e1nit pomoc\u00ed \u0159\u00e1dn\u00e9ho promy\u0161len\u00ed na\u0161eho outfitu.                                                                                                                                                                                                                                                                                                                                                                                                "},{"@context":"https:\/\/schema.org\/","@type":"BreadcrumbList","itemListElement":[{"@type":"ListItem","position":1,"name":"Zv\u00ed\u0159ec\u00ed vzor-trend leto\u0161n\u00edho l\u00e9ta","item":"https:\/\/www.heincl.cz\/zvireci-vzor-trend-letosniho-leta\/#breadcrumbitem"}]}]